{"id":665,"date":"2018-08-03T12:28:16","date_gmt":"2018-08-03T12:28:16","guid":{"rendered":"https:\/\/stationenweg-bern.ch\/24-august-2018-eroeffnungsfeier-im-berner-muenster\/"},"modified":"2018-09-16T13:02:50","modified_gmt":"2018-09-16T13:02:50","slug":"24-august-2018-eroeffnungsfeier-im-berner-muenster","status":"publish","type":"post","link":"https:\/\/stationenweg-bern.ch\/en\/24-august-2018-eroeffnungsfeier-im-berner-muenster\/","title":{"rendered":"24. August 2018 Er\u00f6ffnungsfeier im Berner M\u00fcnster"},"content":{"rendered":"<p>Nun ist es soweit: Der Stationenweg zur T\u00e4ufergeschichte in der Stadt Bern wird Wirklichkeit. Ab Ende August k\u00f6nnen alle Interessierten die Geschichte der T\u00e4ufer auf interaktivem Weg anhand eines Rundganges nach dem erfolgreichen Konzept der Foxtrails entdecken.<\/p>\n<p>&nbsp;<\/p>\n<p><strong>Herzliche Einladung zur Er\u00f6ffnungsfeier!<\/strong><\/p>\n<p>Freitag, 24. August 2018 um 18.45 Uhr im Berner M\u00fcnster, dem Start des Stationenweges<\/p>\n<p>Feierliche Besinnung des M\u00fcnsterpfarrers Beat Allemand, umrahmt von traditionellen mehrstimmigen T\u00e4uferliedern, gesungen vom Jugendchor der Mennoniten-Gemeinde Bern.<\/p>\n","protected":false},"excerpt":{"rendered":"<p>Nun ist es soweit: Der Stationenweg zur T\u00e4ufergeschichte in der Stadt Bern wird Wirklichkeit. Ab Ende August k\u00f6nnen alle Interessierten die Geschichte der T\u00e4ufer auf interaktivem Weg anhand eines Rundganges nach dem erfolgreichen Konzept der &#8230; <\/p>\n<div><a href=\"https:\/\/stationenweg-bern.ch\/en\/24-august-2018-eroeffnungsfeier-im-berner-muenster\/\" class=\"more-link\">Mehr&#8230;<\/a><\/div>\n","protected":false},"author":1,"featured_media":551,"comment_status":"closed","ping_status":"closed","sticky":false,"template":"","format":"standard","meta":{"footnotes":""},"categories":[13],"tags":[],"class_list":["post-665","post","type-post","status-publish","format-standard","has-post-thumbnail","hentry","category-uncategorized"],"_links":{"self":[{"href":"https:\/\/stationenweg-bern.ch\/en\/wp-json\/wp\/v2\/posts\/665","targetHints":{"allow":["GET"]}}],"collection":[{"href":"https:\/\/stationenweg-bern.ch\/en\/wp-json\/wp\/v2\/posts"}],"about":[{"href":"https:\/\/stationenweg-bern.ch\/en\/wp-json\/wp\/v2\/types\/post"}],"author":[{"embeddable":true,"href":"https:\/\/stationenweg-bern.ch\/en\/wp-json\/wp\/v2\/users\/1"}],"replies":[{"embeddable":true,"href":"https:\/\/stationenweg-bern.ch\/en\/wp-json\/wp\/v2\/comments?post=665"}],"version-history":[{"count":1,"href":"https:\/\/stationenweg-bern.ch\/en\/wp-json\/wp\/v2\/posts\/665\/revisions"}],"predecessor-version":[{"id":681,"href":"https:\/\/stationenweg-bern.ch\/en\/wp-json\/wp\/v2\/posts\/665\/revisions\/681"}],"wp:featuredmedia":[{"embeddable":true,"href":"https:\/\/stationenweg-bern.ch\/en\/wp-json\/wp\/v2\/media\/551"}],"wp:attachment":[{"href":"https:\/\/stationenweg-bern.ch\/en\/wp-json\/wp\/v2\/media?parent=665"}],"wp:term":[{"taxonomy":"category","embeddable":true,"href":"https:\/\/stationenweg-bern.ch\/en\/wp-json\/wp\/v2\/categories?post=665"},{"taxonomy":"post_tag","embeddable":true,"href":"https:\/\/stationenweg-bern.ch\/en\/wp-json\/wp\/v2\/tags?post=665"}],"curies":[{"name":"wp","href":"https:\/\/api.w.org\/{rel}","templated":true}]}}